{"id":29637,"date":"2025-02-02T17:31:21","date_gmt":"2025-02-02T23:31:21","guid":{"rendered":"https:\/\/propane.ca\/response-to-u-s-tariff-on-canadian-energy-imports\/"},"modified":"2025-05-13T08:41:58","modified_gmt":"2025-05-13T14:41:58","slug":"reponse-aux-tarifs-americains-sur-les-importations-denergie-canadienne","status":"publish","type":"post","link":"https:\/\/propane.ca\/fr\/reponse-aux-tarifs-americains-sur-les-importations-denergie-canadienne\/","title":{"rendered":"R\u00e9ponse aux tarifs am\u00e9ricains sur les importations d&rsquo;\u00e9nergie canadienne"},"content":{"rendered":"","protected":false},"excerpt":{"rendered":"","protected":false},"author":3,"featured_media":29633,"comment_status":"closed","ping_status":"closed","sticky":false,"template":"","format":"standard","meta":{"_acf_changed":false,"footnotes":""},"categories":[35],"tags":[],"class_list":["post-29637","post","type-post","status-publish","format-standard","has-post-thumbnail","hentry","category-communiques-de-presse"],"acf":[],"yoast_head":"<!-- This site is optimized with the Yoast SEO plugin v25.2 - https:\/\/yoast.com\/wordpress\/plugins\/seo\/ -->\n<title>R\u00e9ponse aux tarifs am\u00e9ricains sur les importations d&#039;\u00e9nergie canadienne - Association canadienne du propane<\/title>\n<meta name=\"robots\" content=\"index, follow, max-snippet:-1, max-image-preview:large, max-video-preview:-1\" \/>\n<link rel=\"canonical\" href=\"https:\/\/propane.ca\/fr\/reponse-aux-tarifs-americains-sur-les-importations-denergie-canadienne\/\" \/>\n<meta property=\"og:locale\" content=\"fr_FR\" \/>\n<meta property=\"og:type\" content=\"article\" \/>\n<meta property=\"og:title\" content=\"R\u00e9ponse aux tarifs am\u00e9ricains sur les importations d&#039;\u00e9nergie canadienne - Association canadienne du propane\" \/>\n<meta property=\"og:url\" content=\"https:\/\/propane.ca\/fr\/reponse-aux-tarifs-americains-sur-les-importations-denergie-canadienne\/\" \/>\n<meta property=\"og:site_name\" content=\"Association canadienne du propane\" \/>\n<meta property=\"article:published_time\" content=\"2025-02-02T23:31:21+00:00\" \/>\n<meta property=\"article:modified_time\" content=\"2025-05-13T14:41:58+00:00\" \/>\n<meta property=\"og:image\" content=\"https:\/\/propane.ca\/wp-content\/uploads\/2025\/02\/W12-2_img_social_we24-e1738539292756.png\" \/>\n\t<meta property=\"og:image:width\" content=\"1200\" \/>\n\t<meta property=\"og:image:height\" content=\"630\" \/>\n\t<meta property=\"og:image:type\" content=\"image\/png\" \/>\n<meta name=\"author\" content=\"Tammy\" \/>\n<meta name=\"twitter:card\" content=\"summary_large_image\" \/>\n<meta name=\"twitter:label1\" content=\"\u00c9crit par\" \/>\n\t<meta name=\"twitter:data1\" content=\"Tammy\" \/>\n\t<meta name=\"twitter:label2\" content=\"Dur\u00e9e de lecture estim\u00e9e\" \/>\n\t<meta name=\"twitter:data2\" content=\"1 minute\" \/>\n<script type=\"application\/ld+json\" class=\"yoast-schema-graph\">{\"@context\":\"https:\/\/schema.org\",\"@graph\":[{\"@type\":\"WebPage\",\"@id\":\"https:\/\/propane.ca\/fr\/reponse-aux-tarifs-americains-sur-les-importations-denergie-canadienne\/\",\"url\":\"https:\/\/propane.ca\/fr\/reponse-aux-tarifs-americains-sur-les-importations-denergie-canadienne\/\",\"name\":\"R\u00e9ponse aux tarifs am\u00e9ricains sur les importations d'\u00e9nergie canadienne - Association canadienne du propane\",\"isPartOf\":{\"@id\":\"https:\/\/propane.ca\/fr\/#website\"},\"primaryImageOfPage\":{\"@id\":\"https:\/\/propane.ca\/fr\/reponse-aux-tarifs-americains-sur-les-importations-denergie-canadienne\/#primaryimage\"},\"image\":{\"@id\":\"https:\/\/propane.ca\/fr\/reponse-aux-tarifs-americains-sur-les-importations-denergie-canadienne\/#primaryimage\"},\"thumbnailUrl\":\"https:\/\/propane.ca\/wp-content\/uploads\/2025\/02\/W12-2_img_social_we24-e1738539292756.png\",\"datePublished\":\"2025-02-02T23:31:21+00:00\",\"dateModified\":\"2025-05-13T14:41:58+00:00\",\"author\":{\"@id\":\"https:\/\/propane.ca\/fr\/#\/schema\/person\/566c6923d6614ee61da05b87b492e345\"},\"breadcrumb\":{\"@id\":\"https:\/\/propane.ca\/fr\/reponse-aux-tarifs-americains-sur-les-importations-denergie-canadienne\/#breadcrumb\"},\"inLanguage\":\"fr-FR\",\"potentialAction\":[{\"@type\":\"ReadAction\",\"target\":[\"https:\/\/propane.ca\/fr\/reponse-aux-tarifs-americains-sur-les-importations-denergie-canadienne\/\"]}]},{\"@type\":\"ImageObject\",\"inLanguage\":\"fr-FR\",\"@id\":\"https:\/\/propane.ca\/fr\/reponse-aux-tarifs-americains-sur-les-importations-denergie-canadienne\/#primaryimage\",\"url\":\"https:\/\/propane.ca\/wp-content\/uploads\/2025\/02\/W12-2_img_social_we24-e1738539292756.png\",\"contentUrl\":\"https:\/\/propane.ca\/wp-content\/uploads\/2025\/02\/W12-2_img_social_we24-e1738539292756.png\",\"width\":1200,\"height\":630},{\"@type\":\"BreadcrumbList\",\"@id\":\"https:\/\/propane.ca\/fr\/reponse-aux-tarifs-americains-sur-les-importations-denergie-canadienne\/#breadcrumb\",\"itemListElement\":[{\"@type\":\"ListItem\",\"position\":1,\"name\":\"Home\",\"item\":\"https:\/\/propane.ca\/fr\/\"},{\"@type\":\"ListItem\",\"position\":2,\"name\":\"R\u00e9ponse aux tarifs am\u00e9ricains sur les importations d&#8217;\u00e9nergie canadienne\"}]},{\"@type\":\"WebSite\",\"@id\":\"https:\/\/propane.ca\/fr\/#website\",\"url\":\"https:\/\/propane.ca\/fr\/\",\"name\":\"Association canadienne du propane\",\"description\":\"\",\"potentialAction\":[{\"@type\":\"SearchAction\",\"target\":{\"@type\":\"EntryPoint\",\"urlTemplate\":\"https:\/\/propane.ca\/fr\/?s={search_term_string}\"},\"query-input\":{\"@type\":\"PropertyValueSpecification\",\"valueRequired\":true,\"valueName\":\"search_term_string\"}}],\"inLanguage\":\"fr-FR\"},{\"@type\":\"Person\",\"@id\":\"https:\/\/propane.ca\/fr\/#\/schema\/person\/566c6923d6614ee61da05b87b492e345\",\"name\":\"Tammy\",\"image\":{\"@type\":\"ImageObject\",\"inLanguage\":\"fr-FR\",\"@id\":\"https:\/\/propane.ca\/fr\/#\/schema\/person\/image\/\",\"url\":\"https:\/\/secure.gravatar.com\/avatar\/4a26d110e0a7d59a864e7092f7b7635e6980a477719edd3e7b6f66a48b8cfe22?s=96&d=mm&r=g\",\"contentUrl\":\"https:\/\/secure.gravatar.com\/avatar\/4a26d110e0a7d59a864e7092f7b7635e6980a477719edd3e7b6f66a48b8cfe22?s=96&d=mm&r=g\",\"caption\":\"Tammy\"}}]}<\/script>\n<!-- \/ Yoast SEO plugin. -->","yoast_head_json":{"title":"R\u00e9ponse aux tarifs am\u00e9ricains sur les importations d'\u00e9nergie canadienne - Association canadienne du propane","robots":{"index":"index","follow":"follow","max-snippet":"max-snippet:-1","max-image-preview":"max-image-preview:large","max-video-preview":"max-video-preview:-1"},"canonical":"https:\/\/propane.ca\/fr\/reponse-aux-tarifs-americains-sur-les-importations-denergie-canadienne\/","og_locale":"fr_FR","og_type":"article","og_title":"R\u00e9ponse aux tarifs am\u00e9ricains sur les importations d'\u00e9nergie canadienne - Association canadienne du propane","og_url":"https:\/\/propane.ca\/fr\/reponse-aux-tarifs-americains-sur-les-importations-denergie-canadienne\/","og_site_name":"Association canadienne du propane","article_published_time":"2025-02-02T23:31:21+00:00","article_modified_time":"2025-05-13T14:41:58+00:00","og_image":[{"width":1200,"height":630,"url":"https:\/\/propane.ca\/wp-content\/uploads\/2025\/02\/W12-2_img_social_we24-e1738539292756.png","type":"image\/png"}],"author":"Tammy","twitter_card":"summary_large_image","twitter_misc":{"\u00c9crit par":"Tammy","Dur\u00e9e de lecture estim\u00e9e":"1 minute"},"schema":{"@context":"https:\/\/schema.org","@graph":[{"@type":"WebPage","@id":"https:\/\/propane.ca\/fr\/reponse-aux-tarifs-americains-sur-les-importations-denergie-canadienne\/","url":"https:\/\/propane.ca\/fr\/reponse-aux-tarifs-americains-sur-les-importations-denergie-canadienne\/","name":"R\u00e9ponse aux tarifs am\u00e9ricains sur les importations d'\u00e9nergie canadienne - Association canadienne du propane","isPartOf":{"@id":"https:\/\/propane.ca\/fr\/#website"},"primaryImageOfPage":{"@id":"https:\/\/propane.ca\/fr\/reponse-aux-tarifs-americains-sur-les-importations-denergie-canadienne\/#primaryimage"},"image":{"@id":"https:\/\/propane.ca\/fr\/reponse-aux-tarifs-americains-sur-les-importations-denergie-canadienne\/#primaryimage"},"thumbnailUrl":"https:\/\/propane.ca\/wp-content\/uploads\/2025\/02\/W12-2_img_social_we24-e1738539292756.png","datePublished":"2025-02-02T23:31:21+00:00","dateModified":"2025-05-13T14:41:58+00:00","author":{"@id":"https:\/\/propane.ca\/fr\/#\/schema\/person\/566c6923d6614ee61da05b87b492e345"},"breadcrumb":{"@id":"https:\/\/propane.ca\/fr\/reponse-aux-tarifs-americains-sur-les-importations-denergie-canadienne\/#breadcrumb"},"inLanguage":"fr-FR","potentialAction":[{"@type":"ReadAction","target":["https:\/\/propane.ca\/fr\/reponse-aux-tarifs-americains-sur-les-importations-denergie-canadienne\/"]}]},{"@type":"ImageObject","inLanguage":"fr-FR","@id":"https:\/\/propane.ca\/fr\/reponse-aux-tarifs-americains-sur-les-importations-denergie-canadienne\/#primaryimage","url":"https:\/\/propane.ca\/wp-content\/uploads\/2025\/02\/W12-2_img_social_we24-e1738539292756.png","contentUrl":"https:\/\/propane.ca\/wp-content\/uploads\/2025\/02\/W12-2_img_social_we24-e1738539292756.png","width":1200,"height":630},{"@type":"BreadcrumbList","@id":"https:\/\/propane.ca\/fr\/reponse-aux-tarifs-americains-sur-les-importations-denergie-canadienne\/#breadcrumb","itemListElement":[{"@type":"ListItem","position":1,"name":"Home","item":"https:\/\/propane.ca\/fr\/"},{"@type":"ListItem","position":2,"name":"R\u00e9ponse aux tarifs am\u00e9ricains sur les importations d&#8217;\u00e9nergie canadienne"}]},{"@type":"WebSite","@id":"https:\/\/propane.ca\/fr\/#website","url":"https:\/\/propane.ca\/fr\/","name":"Association canadienne du propane","description":"","potentialAction":[{"@type":"SearchAction","target":{"@type":"EntryPoint","urlTemplate":"https:\/\/propane.ca\/fr\/?s={search_term_string}"},"query-input":{"@type":"PropertyValueSpecification","valueRequired":true,"valueName":"search_term_string"}}],"inLanguage":"fr-FR"},{"@type":"Person","@id":"https:\/\/propane.ca\/fr\/#\/schema\/person\/566c6923d6614ee61da05b87b492e345","name":"Tammy","image":{"@type":"ImageObject","inLanguage":"fr-FR","@id":"https:\/\/propane.ca\/fr\/#\/schema\/person\/image\/","url":"https:\/\/secure.gravatar.com\/avatar\/4a26d110e0a7d59a864e7092f7b7635e6980a477719edd3e7b6f66a48b8cfe22?s=96&d=mm&r=g","contentUrl":"https:\/\/secure.gravatar.com\/avatar\/4a26d110e0a7d59a864e7092f7b7635e6980a477719edd3e7b6f66a48b8cfe22?s=96&d=mm&r=g","caption":"Tammy"}}]}},"_links":{"self":[{"href":"https:\/\/propane.ca\/fr\/wp-json\/wp\/v2\/posts\/29637","targetHints":{"allow":["GET"]}}],"collection":[{"href":"https:\/\/propane.ca\/fr\/wp-json\/wp\/v2\/posts"}],"about":[{"href":"https:\/\/propane.ca\/fr\/wp-json\/wp\/v2\/types\/post"}],"author":[{"embeddable":true,"href":"https:\/\/propane.ca\/fr\/wp-json\/wp\/v2\/users\/3"}],"replies":[{"embeddable":true,"href":"https:\/\/propane.ca\/fr\/wp-json\/wp\/v2\/comments?post=29637"}],"version-history":[{"count":0,"href":"https:\/\/propane.ca\/fr\/wp-json\/wp\/v2\/posts\/29637\/revisions"}],"wp:featuredmedia":[{"embeddable":true,"href":"https:\/\/propane.ca\/fr\/wp-json\/wp\/v2\/media\/29633"}],"wp:attachment":[{"href":"https:\/\/propane.ca\/fr\/wp-json\/wp\/v2\/media?parent=29637"}],"wp:term":[{"taxonomy":"category","embeddable":true,"href":"https:\/\/propane.ca\/fr\/wp-json\/wp\/v2\/categories?post=29637"},{"taxonomy":"post_tag","embeddable":true,"href":"https:\/\/propane.ca\/fr\/wp-json\/wp\/v2\/tags?post=29637"}],"curies":[{"name":"wp","href":"https:\/\/api.w.org\/{rel}","templated":true}]}}